{"id":9236,"date":"2019-03-28T06:17:51","date_gmt":"2019-03-28T06:17:51","guid":{"rendered":"http:\/\/www.sportman.fi\/?p=9236"},"modified":"2019-03-28T06:17:51","modified_gmt":"2019-03-28T06:17:51","slug":"tj-27","status":"publish","type":"post","link":"https:\/\/sportman.fi\/index.php\/2019\/03\/28\/tj-27\/","title":{"rendered":"TJ 27"},"content":{"rendered":"<p>Aamukammassa on viel\u00e4 27 sakaraa.<\/p>\n<p>&nbsp;<\/p>\n<p>Kunhan saan ensi viikon alkuun menness\u00e4 muutaman ty\u00f6projektin hartioilta pois, niin alan valmistautumaan 100%:sti huhtikuun j\u00e4\u00e4tikk\u00f6matkaan.<\/p>\n<p>&nbsp;<\/p>\n<p>Viel\u00e4 on paljon teht\u00e4v\u00e4\u00e4, mutta se kuuluu taudin kuvaan. Niin se on ollut aiemminkin.<\/p>\n<p>&nbsp;<\/p>\n<p>Monet ovat kyselleet, ihan viime p\u00e4ivin\u00e4, millainen s\u00e4\u00e4tila j\u00e4\u00e4tik\u00f6ll\u00e4 on?<\/p>\n<p>Kysyj\u00e4 ihmettelee vastatessani, ett\u00e4 en tied\u00e4. Ehk\u00e4 he ihmettelev\u00e4t tiet\u00e4m\u00e4tt\u00f6myytt\u00e4ni tai sit\u00e4, kuinka letke\u00e4sti heit\u00e4n vastauksen.<\/p>\n<p>&nbsp;<\/p>\n<p>Moni yritys j\u00e4isi perustamatta, jos sen perustajat tiet\u00e4isiv\u00e4t etuk\u00e4teen tulevan liiketoimintailmaston. Onko edess\u00e4 my\u00f6t\u00e4-vai vastatuulta, aurinkoa vai silkkaa myrsky\u00e4.<\/p>\n<p>&nbsp;<\/p>\n<p>Moni alue olisi j\u00e4\u00e4nyt kartoittamatta, mik\u00e4li entisaikojen tutkimusmatkailijat olisivat voineet ennustaa tulevien retkiens\u00e4 haasteet.<\/p>\n<p>&nbsp;<\/p>\n<p>Mit\u00e4 Gr\u00f6nlantiin tulee, niin etuk\u00e4teisvalmistelut ovat huolelliset aivan kuten entisaikojen l\u00f6yt\u00f6retkeilij\u00f6ill\u00e4 tai vaikkapa nykyp\u00e4iv\u00e4n start up-yritt\u00e4jill\u00e4.<\/p>\n<p>&nbsp;<\/p>\n<p>No niin, se t\u00e4st\u00e4 aiheesta. Nyt l\u00e4hden lenkille.<\/p>\n<p>&nbsp;<\/p>\n<p>&nbsp;<\/p>\n<p>&nbsp;<\/p>\n<p>&nbsp;<\/p>\n<p>&nbsp;<\/p>\n<p>&nbsp;<\/p>\n<p>&nbsp;<\/p>\n<p>&nbsp;<\/p>\n<p>&nbsp;<\/p>\n<p>&nbsp;<\/p>\n<p>&nbsp;<\/p>\n","protected":false},"excerpt":{"rendered":"<p>Aamukammassa on viel\u00e4 27 sakaraa. &nbsp; Kunhan saan ensi viikon alkuun menness\u00e4 muutaman ty\u00f6projektin hartioilta pois, niin alan valmistautumaan 100%:sti huhtikuun j\u00e4\u00e4tikk\u00f6matkaan. &nbsp; Viel\u00e4 on paljon teht\u00e4v\u00e4\u00e4, mutta se kuuluu taudin kuvaan. Niin se on ollut aiemminkin. &nbsp; Monet ovat kyselleet, ihan viime p\u00e4ivin\u00e4, millainen s\u00e4\u00e4tila j\u00e4\u00e4tik\u00f6ll\u00e4 on? Kysyj\u00e4 ihmettelee vastatessani, ett\u00e4 en tied\u00e4. Ehk\u00e4 [&hellip;]<\/p>\n","protected":false},"author":3,"featured_media":0,"comment_status":"open","ping_status":"closed","sticky":false,"template":"","format":"standard","meta":{"footnotes":""},"categories":[1],"tags":[],"class_list":["post-9236","post","type-post","status-publish","format-standard","hentry","category-uncategorized"],"_links":{"self":[{"href":"https:\/\/sportman.fi\/index.php\/wp-json\/wp\/v2\/posts\/9236","targetHints":{"allow":["GET"]}}],"collection":[{"href":"https:\/\/sportman.fi\/index.php\/wp-json\/wp\/v2\/posts"}],"about":[{"href":"https:\/\/sportman.fi\/index.php\/wp-json\/wp\/v2\/types\/post"}],"author":[{"embeddable":true,"href":"https:\/\/sportman.fi\/index.php\/wp-json\/wp\/v2\/users\/3"}],"replies":[{"embeddable":true,"href":"https:\/\/sportman.fi\/index.php\/wp-json\/wp\/v2\/comments?post=9236"}],"version-history":[{"count":0,"href":"https:\/\/sportman.fi\/index.php\/wp-json\/wp\/v2\/posts\/9236\/revisions"}],"wp:attachment":[{"href":"https:\/\/sportman.fi\/index.php\/wp-json\/wp\/v2\/media?parent=9236"}],"wp:term":[{"taxonomy":"category","embeddable":true,"href":"https:\/\/sportman.fi\/index.php\/wp-json\/wp\/v2\/categories?post=9236"},{"taxonomy":"post_tag","embeddable":true,"href":"https:\/\/sportman.fi\/index.php\/wp-json\/wp\/v2\/tags?post=9236"}],"curies":[{"name":"wp","href":"https:\/\/api.w.org\/{rel}","templated":true}]}}