{"id":9120,"date":"2019-02-24T07:54:30","date_gmt":"2019-02-24T07:54:30","guid":{"rendered":"http:\/\/www.sportman.fi\/?p=9120"},"modified":"2019-02-24T07:54:30","modified_gmt":"2019-02-24T07:54:30","slug":"kuvia-6","status":"publish","type":"post","link":"https:\/\/sportman.fi\/index.php\/2019\/02\/24\/kuvia-6\/","title":{"rendered":"Kuvia"},"content":{"rendered":"<p>Alla on muutamia kuvia j\u00e4isilt\u00e4 reissuiltani. Siin\u00e4 on sekoitus Gr\u00f6nlantia, Pohjoisnapaa ja on siin\u00e4 yksi treenikuva Nuuksiostakin. Tuo viimeisin kuva, jossa on Suomen lippu on Pohjoisnavalta.<\/p>\n<p>&nbsp;<\/p>\n<p>K\u00e4vin siell\u00e4 v.2007.\u00a0 Monet mukanaolijat j\u00e4ttiv\u00e4t maansa lipun juuri siihen kohtaan, miss\u00e4 Pohjoisnapa ihan virallisesti on.<\/p>\n<p>&nbsp;<\/p>\n<p>Min\u00e4 otin siniristi-lipusta kuvan ja nappasin sen mukaani.<\/p>\n<p>Leave no trace.<\/p>\n<p>&nbsp;<\/p>\n<p>&nbsp;<\/p>\n<p><img loading=\"lazy\" decoding=\"async\" class=\"alignnone size-full wp-image-3881\" src=\"https:\/\/sportman.fi\/wp-content\/uploads\/2013\/05\/je91.jpg\" alt=\"je91\" width=\"178\" height=\"178\" srcset=\"https:\/\/sportman.fi\/wp-content\/uploads\/2013\/05\/je91.jpg 178w, https:\/\/sportman.fi\/wp-content\/uploads\/2013\/05\/je91-150x150.jpg 150w, https:\/\/sportman.fi\/wp-content\/uploads\/2013\/05\/je91-75x75.jpg 75w\" sizes=\"auto, (max-width: 178px) 100vw, 178px\" \/><\/p>\n<p><img loading=\"lazy\" decoding=\"async\" class=\"alignnone size-full wp-image-3880\" src=\"https:\/\/sportman.fi\/wp-content\/uploads\/2013\/05\/je84.jpg\" alt=\"je84\" width=\"178\" height=\"178\" srcset=\"https:\/\/sportman.fi\/wp-content\/uploads\/2013\/05\/je84.jpg 178w, https:\/\/sportman.fi\/wp-content\/uploads\/2013\/05\/je84-150x150.jpg 150w, https:\/\/sportman.fi\/wp-content\/uploads\/2013\/05\/je84-75x75.jpg 75w\" sizes=\"auto, (max-width: 178px) 100vw, 178px\" \/><\/p>\n<p><img loading=\"lazy\" decoding=\"async\" class=\"alignnone size-medium wp-image-3561\" src=\"https:\/\/sportman.fi\/wp-content\/uploads\/2013\/01\/Noux-031-300x224.jpg\" alt=\"Noux 031\" width=\"300\" height=\"224\" \/><\/p>\n<p><img loading=\"lazy\" decoding=\"async\" class=\"alignnone size-medium wp-image-2814\" src=\"https:\/\/sportman.fi\/wp-content\/uploads\/2012\/03\/MIK6240-300x199.jpg\" alt=\"BikeThe first ever mountain bike event at the North Pole took place on Saturday 7th April. The \u00d4North Pole Bike Extreme\u00d5 race saw fourteen competitors from 8 nations pedalling furiously in \u00d021C on specially designed Crescent mountain bikes. Juan Antonio Alegre (Spain) won the 26.2-mile race in a time of ____. His Spanish compatriot Miguel Caselles took second place in _____ with Kym McConnell of New Zealand in third posiBikeThe first ever mountain bike event at the North Pole took place on Saturday 7th April. The \u00d4North Pole Bike Extreme\u00d5 race saw fourteen compe\" width=\"300\" height=\"199\" srcset=\"https:\/\/sportman.fi\/wp-content\/uploads\/2012\/03\/MIK6240-300x199.jpg 300w, https:\/\/sportman.fi\/wp-content\/uploads\/2012\/03\/MIK6240-768x510.jpg 768w, https:\/\/sportman.fi\/wp-content\/uploads\/2012\/03\/MIK6240-1024x680.jpg 1024w\" sizes=\"auto, (max-width: 300px) 100vw, 300px\" \/><\/p>\n<p><img loading=\"lazy\" decoding=\"async\" class=\"alignnone size-medium wp-image-835\" src=\"https:\/\/sportman.fi\/wp-content\/uploads\/2010\/12\/NorthPole-123-300x225.jpg\" alt=\"NorthPole 123\" width=\"300\" height=\"225\" srcset=\"https:\/\/sportman.fi\/wp-content\/uploads\/2010\/12\/NorthPole-123-300x225.jpg 300w, https:\/\/sportman.fi\/wp-content\/uploads\/2010\/12\/NorthPole-123-768x576.jpg 768w, https:\/\/sportman.fi\/wp-content\/uploads\/2010\/12\/NorthPole-123-1024x768.jpg 1024w\" sizes=\"auto, (max-width: 300px) 100vw, 300px\" \/><\/p>\n","protected":false},"excerpt":{"rendered":"<p>Alla on muutamia kuvia j\u00e4isilt\u00e4 reissuiltani. Siin\u00e4 on sekoitus Gr\u00f6nlantia, Pohjoisnapaa ja on siin\u00e4 yksi treenikuva Nuuksiostakin. Tuo viimeisin kuva, jossa on Suomen lippu on Pohjoisnavalta. &nbsp; K\u00e4vin siell\u00e4 v.2007.\u00a0 Monet mukanaolijat j\u00e4ttiv\u00e4t maansa lipun juuri siihen kohtaan, miss\u00e4 Pohjoisnapa ihan virallisesti on. &nbsp; Min\u00e4 otin siniristi-lipusta kuvan ja nappasin sen mukaani. Leave no trace. [&hellip;]<\/p>\n","protected":false},"author":3,"featured_media":0,"comment_status":"open","ping_status":"closed","sticky":false,"template":"","format":"standard","meta":{"footnotes":""},"categories":[1],"tags":[],"class_list":["post-9120","post","type-post","status-publish","format-standard","hentry","category-uncategorized"],"_links":{"self":[{"href":"https:\/\/sportman.fi\/index.php\/wp-json\/wp\/v2\/posts\/9120","targetHints":{"allow":["GET"]}}],"collection":[{"href":"https:\/\/sportman.fi\/index.php\/wp-json\/wp\/v2\/posts"}],"about":[{"href":"https:\/\/sportman.fi\/index.php\/wp-json\/wp\/v2\/types\/post"}],"author":[{"embeddable":true,"href":"https:\/\/sportman.fi\/index.php\/wp-json\/wp\/v2\/users\/3"}],"replies":[{"embeddable":true,"href":"https:\/\/sportman.fi\/index.php\/wp-json\/wp\/v2\/comments?post=9120"}],"version-history":[{"count":0,"href":"https:\/\/sportman.fi\/index.php\/wp-json\/wp\/v2\/posts\/9120\/revisions"}],"wp:attachment":[{"href":"https:\/\/sportman.fi\/index.php\/wp-json\/wp\/v2\/media?parent=9120"}],"wp:term":[{"taxonomy":"category","embeddable":true,"href":"https:\/\/sportman.fi\/index.php\/wp-json\/wp\/v2\/categories?post=9120"},{"taxonomy":"post_tag","embeddable":true,"href":"https:\/\/sportman.fi\/index.php\/wp-json\/wp\/v2\/tags?post=9120"}],"curies":[{"name":"wp","href":"https:\/\/api.w.org\/{rel}","templated":true}]}}