{"id":8445,"date":"2018-08-18T06:21:39","date_gmt":"2018-08-18T06:21:39","guid":{"rendered":"http:\/\/www.sportman.fi\/?p=8445"},"modified":"2018-08-18T06:21:39","modified_gmt":"2018-08-18T06:21:39","slug":"arktinen-asia","status":"publish","type":"post","link":"https:\/\/sportman.fi\/index.php\/2018\/08\/18\/arktinen-asia\/","title":{"rendered":"Arktinen asia"},"content":{"rendered":"<p>Luin presidentti Niinist\u00f6st\u00e4 jutun Finland Today-julkaisusta.<\/p>\n<p>&nbsp;<\/p>\n<p>Artikkeli ei k\u00e4sitellyt h\u00e4nest\u00e4 kirjoitetuista kirjoista, vaan esill\u00e4 oli paljon t\u00e4rke\u00e4mpi asia. Arktinen alue ja siell\u00e4 (t\u00e4\u00e4ll\u00e4) tapahtuvat muutokset, joiden heijastusvaikutukset ulottuvat maailman jokaiseen kolkkaan.<\/p>\n<p>&nbsp;<\/p>\n<p>&#8220;If we lose The Arctic, we lose the world&#8221; sanoo presidenttimme. Ja h\u00e4nen sanoillaan on ollut paljon kansainv\u00e4list\u00e4 painoarvoa.<\/p>\n<p><a href=\"https:\/\/finlandtoday.fi\/president-niinisto-in-north-russia-if-we-lose-the-arctic-we-lose-the-world\/\">https:\/\/finlandtoday.fi\/president-niinisto-in-north-russia-if-we-lose-the-arctic-we-lose-the-world\/<\/a><\/p>\n<p>&nbsp;<\/p>\n<p>K\u00e4vin perjantaina Ulkoministeri\u00f6ss\u00e4 tapaamassa Arktisen Neuvoston porukkaa. Keskustelimme mm.siit\u00e4, miten tulevaa Gr\u00f6nlannin j\u00e4\u00e4tik\u00f6n ylityst\u00e4 ja Arktisen Neuvoston toimintaa nivotaan yhteen t\u00e4m\u00e4n projektin aikana.<\/p>\n<p>&nbsp;<\/p>\n<p><a href=\"https:\/\/twitter.com\/JukkaViljanen\">https:\/\/twitter.com\/JukkaViljanen<\/a><\/p>\n<p><a href=\"https:\/\/um.fi\/news\/-\/asset_publisher\/GRSnUwaHDPv5\/content\/seikkailujuoksija-arktisella-asialla?curAsset=0&amp;stId=47307\">https:\/\/um.fi\/news\/-\/asset_publisher\/GRSnUwaHDPv5\/content\/seikkailujuoksija-arktisella-asialla?curAsset=0&amp;stId=47307<\/a><\/p>\n<p>&nbsp;<\/p>\n<p>&nbsp;<\/p>\n<p>&nbsp;<\/p>\n<p>&nbsp;<\/p>\n<p>&nbsp;<\/p>\n","protected":false},"excerpt":{"rendered":"<p>Luin presidentti Niinist\u00f6st\u00e4 jutun Finland Today-julkaisusta. &nbsp; Artikkeli ei k\u00e4sitellyt h\u00e4nest\u00e4 kirjoitetuista kirjoista, vaan esill\u00e4 oli paljon t\u00e4rke\u00e4mpi asia. Arktinen alue ja siell\u00e4 (t\u00e4\u00e4ll\u00e4) tapahtuvat muutokset, joiden heijastusvaikutukset ulottuvat maailman jokaiseen kolkkaan. &nbsp; &#8220;If we lose The Arctic, we lose the world&#8221; sanoo presidenttimme. Ja h\u00e4nen sanoillaan on ollut paljon kansainv\u00e4list\u00e4 painoarvoa. https:\/\/finlandtoday.fi\/president-niinisto-in-north-russia-if-we-lose-the-arctic-we-lose-the-world\/ &nbsp; K\u00e4vin [&hellip;]<\/p>\n","protected":false},"author":3,"featured_media":0,"comment_status":"open","ping_status":"closed","sticky":false,"template":"","format":"standard","meta":{"footnotes":""},"categories":[1],"tags":[],"class_list":["post-8445","post","type-post","status-publish","format-standard","hentry","category-uncategorized"],"_links":{"self":[{"href":"https:\/\/sportman.fi\/index.php\/wp-json\/wp\/v2\/posts\/8445","targetHints":{"allow":["GET"]}}],"collection":[{"href":"https:\/\/sportman.fi\/index.php\/wp-json\/wp\/v2\/posts"}],"about":[{"href":"https:\/\/sportman.fi\/index.php\/wp-json\/wp\/v2\/types\/post"}],"author":[{"embeddable":true,"href":"https:\/\/sportman.fi\/index.php\/wp-json\/wp\/v2\/users\/3"}],"replies":[{"embeddable":true,"href":"https:\/\/sportman.fi\/index.php\/wp-json\/wp\/v2\/comments?post=8445"}],"version-history":[{"count":0,"href":"https:\/\/sportman.fi\/index.php\/wp-json\/wp\/v2\/posts\/8445\/revisions"}],"wp:attachment":[{"href":"https:\/\/sportman.fi\/index.php\/wp-json\/wp\/v2\/media?parent=8445"}],"wp:term":[{"taxonomy":"category","embeddable":true,"href":"https:\/\/sportman.fi\/index.php\/wp-json\/wp\/v2\/categories?post=8445"},{"taxonomy":"post_tag","embeddable":true,"href":"https:\/\/sportman.fi\/index.php\/wp-json\/wp\/v2\/tags?post=8445"}],"curies":[{"name":"wp","href":"https:\/\/api.w.org\/{rel}","templated":true}]}}