{"id":5322,"date":"2015-04-01T16:14:09","date_gmt":"2015-04-01T16:14:09","guid":{"rendered":"http:\/\/www.sportman.fi\/?p=5322"},"modified":"2015-04-01T16:14:09","modified_gmt":"2015-04-01T16:14:09","slug":"kaksilla-rattailla-2","status":"publish","type":"post","link":"https:\/\/sportman.fi\/index.php\/2015\/04\/01\/kaksilla-rattailla-2\/","title":{"rendered":"Kaksilla rattailla&#8230;"},"content":{"rendered":"<p>&nbsp;<\/p>\n<p>Olin viimeksi eilen yhteydess\u00e4 seuraavan (?) seikkailuni kohdealueelle. Syy kontaktointiini oli turhautuminen siihen, ettei minulla ole viel\u00e4k\u00e4\u00e4n varmuutta seikkailujuoksun aloittamisesta. Eik\u00e4 t\u00e4m\u00e4 viimeisink\u00e4\u00e4n yhteydenotto tuonut lis\u00e4valaistusta asiaan.<\/p>\n<p>&nbsp;<\/p>\n<p>Edell\u00e4 mainituista syyst\u00e4 johtuen olen p\u00e4\u00e4tt\u00e4nyt hyp\u00e4t\u00e4 my\u00f6s toisille rattaille. Aloitan siis my\u00f6s (t\u00e4ss\u00e4 rinnalla) toisen seikkailun suunnittelun ja siin\u00e4 tavoite on asetettu kev\u00e4\u00e4lle 2016.<\/p>\n<p>&nbsp;<\/p>\n<p>Viimeist\u00e4\u00e4n vuoden kuluttua huhtikuussa olen viimeinkin toiminnan ytimess\u00e4.<\/p>\n<p>&nbsp;<\/p>\n<p>&nbsp;<\/p>\n<p>&nbsp;<\/p>\n<p>Olin t\u00e4n\u00e4\u00e4n yhteydess\u00e4 matkatoimisto Aventuraan, jossa viime viikolla Annapurnalla menehtynyt vuorikiipeilij\u00e4 Samuli Mansikka teki t\u00f6it\u00e4 matkanjohtajana.<\/p>\n<p>&nbsp;<\/p>\n<p>Samuli esitteli minut Aventuran toimitusjohtaja Tero Norviolle kuusi seitsem\u00e4n vuotta sitten. Sen tapaamisen seurauksena olin jo seuraavana vuonna johtamassa suomalaista veallusryhm\u00e4\u00e4 Nepalin vuoristossa. Joskus tulevaisuudessa voisi olla kiva tehd\u00e4 vastaavanlaisia duuneja.<\/p>\n<p>K\u00e4vin t\u00e4n\u00e4\u00e4n 1h15min lenkill\u00e4.<\/p>\n<p>&nbsp;<\/p>\n<p>&nbsp;<\/p>\n","protected":false},"excerpt":{"rendered":"<p>&nbsp; Olin viimeksi eilen yhteydess\u00e4 seuraavan (?) seikkailuni kohdealueelle. Syy kontaktointiini oli turhautuminen siihen, ettei minulla ole viel\u00e4k\u00e4\u00e4n varmuutta seikkailujuoksun aloittamisesta. Eik\u00e4 t\u00e4m\u00e4 viimeisink\u00e4\u00e4n yhteydenotto tuonut lis\u00e4valaistusta asiaan. &nbsp; Edell\u00e4 mainituista syyst\u00e4 johtuen olen p\u00e4\u00e4tt\u00e4nyt hyp\u00e4t\u00e4 my\u00f6s toisille rattaille. Aloitan siis my\u00f6s (t\u00e4ss\u00e4 rinnalla) toisen seikkailun suunnittelun ja siin\u00e4 tavoite on asetettu kev\u00e4\u00e4lle 2016. &nbsp; [&hellip;]<\/p>\n","protected":false},"author":3,"featured_media":0,"comment_status":"open","ping_status":"closed","sticky":false,"template":"","format":"standard","meta":{"footnotes":""},"categories":[1],"tags":[],"class_list":["post-5322","post","type-post","status-publish","format-standard","hentry","category-uncategorized"],"_links":{"self":[{"href":"https:\/\/sportman.fi\/index.php\/wp-json\/wp\/v2\/posts\/5322","targetHints":{"allow":["GET"]}}],"collection":[{"href":"https:\/\/sportman.fi\/index.php\/wp-json\/wp\/v2\/posts"}],"about":[{"href":"https:\/\/sportman.fi\/index.php\/wp-json\/wp\/v2\/types\/post"}],"author":[{"embeddable":true,"href":"https:\/\/sportman.fi\/index.php\/wp-json\/wp\/v2\/users\/3"}],"replies":[{"embeddable":true,"href":"https:\/\/sportman.fi\/index.php\/wp-json\/wp\/v2\/comments?post=5322"}],"version-history":[{"count":0,"href":"https:\/\/sportman.fi\/index.php\/wp-json\/wp\/v2\/posts\/5322\/revisions"}],"wp:attachment":[{"href":"https:\/\/sportman.fi\/index.php\/wp-json\/wp\/v2\/media?parent=5322"}],"wp:term":[{"taxonomy":"category","embeddable":true,"href":"https:\/\/sportman.fi\/index.php\/wp-json\/wp\/v2\/categories?post=5322"},{"taxonomy":"post_tag","embeddable":true,"href":"https:\/\/sportman.fi\/index.php\/wp-json\/wp\/v2\/tags?post=5322"}],"curies":[{"name":"wp","href":"https:\/\/api.w.org\/{rel}","templated":true}]}}