{"id":436,"date":"2010-09-09T08:46:43","date_gmt":"2010-09-09T08:46:43","guid":{"rendered":"http:\/\/www.sportman.fi\/?p=436"},"modified":"2010-09-09T08:46:43","modified_gmt":"2010-09-09T08:46:43","slug":"ylessa","status":"publish","type":"post","link":"https:\/\/sportman.fi\/index.php\/2010\/09\/09\/ylessa\/","title":{"rendered":"Yless\u00e4"},"content":{"rendered":"<p><!--:fi-->Hyvin nukutun y\u00f6n j\u00e4lkeen oli kiva painaltaa kohti Radiokatua ja Aamu-TV:n l\u00e4hetyst\u00e4.<\/p>\n<p>Aamutelkkarin l\u00e4mpi\u00f6ss\u00e4 oli taas oikein\u00a0leppoisa tunnelma ja tapasimme pikaisesti\u00a0kahvip\u00f6yd\u00e4ss\u00e4 mm.ministeri Paula Lehtom\u00e4en. Toimittaja Tomi Korhonen, jonka tapasimme samoissa merkeiss\u00e4 Saharan seikkailun j\u00e4lkeen, toimi TV-keskustelun vet\u00e4j\u00e4n\u00e4..my\u00f6s Tomi harrastaa juoksua. Ohjelman voi k\u00e4yd\u00e4 katsomassa Ylen Areenalta.<\/p>\n<p>Jos olivat juoksijat viel\u00e4 viikko siiten kovilla, niin nyt on pesukoneen vuoro ahkeroida\u00a0(eritt\u00e4in)likaisten varusteiden parissa.<\/p>\n<p>T\u00e4n\u00e4\u00e4n on sitten aika k\u00e4yd\u00e4 treffaamassa Santtu Rantaa Helsingin Kuntofysiossa. Meik\u00e4l\u00e4isell\u00e4 on viel\u00e4kin pieni\u00e4 &#8220;tuntemuksia&#8221; oikean puoleisessa\u00a0nilkassa, joten odotan mielenkiinnolla Santun asiantuntevaa lausuntoa nilkan tilasta. <a href=\"http:\/\/www.helsinginkuntofysio.com\/\">http:\/\/www.helsinginkuntofysio.com\/<\/a><\/p>\n<p>Gregin\u00a0turvonnut nilkka oli\u00a0tiistaina melko hyv\u00e4ss\u00e4 iskussa ja mies hinkuaa kovasti\u00a0jo 3 viikon kuluttua k\u00e4yt\u00e4v\u00e4\u00e4n n.40 kilometrin The Otter -seikkailujuoksukisaan.<\/p>\n<p>Ensi viikonloppuna juostaan huippuhieno Espoon Rantamaraton. Olemme Kirsin kanssa kannustamassa juoksijoita Laurinlahden tienoolla. Onnea ja tsemppi\u00e4 kaikille matkaan l\u00e4htij\u00f6ille!<!--:--><\/p>\n","protected":false},"excerpt":{"rendered":"<p>Hyvin nukutun y\u00f6n j\u00e4lkeen oli kiva painaltaa kohti Radiokatua ja Aamu-TV:n l\u00e4hetyst\u00e4. Aamutelkkarin l\u00e4mpi\u00f6ss\u00e4 oli taas oikein\u00a0leppoisa tunnelma ja tapasimme pikaisesti\u00a0kahvip\u00f6yd\u00e4ss\u00e4 mm.ministeri Paula Lehtom\u00e4en. Toimittaja Tomi Korhonen, jonka tapasimme samoissa merkeiss\u00e4 Saharan seikkailun j\u00e4lkeen, toimi TV-keskustelun vet\u00e4j\u00e4n\u00e4..my\u00f6s Tomi harrastaa juoksua. Ohjelman voi k\u00e4yd\u00e4 katsomassa Ylen Areenalta. Jos olivat juoksijat viel\u00e4 viikko siiten kovilla, niin nyt [&hellip;]<\/p>\n","protected":false},"author":3,"featured_media":0,"comment_status":"open","ping_status":"closed","sticky":false,"template":"","format":"standard","meta":{"footnotes":""},"categories":[1],"tags":[],"class_list":["post-436","post","type-post","status-publish","format-standard","hentry","category-uncategorized"],"_links":{"self":[{"href":"https:\/\/sportman.fi\/index.php\/wp-json\/wp\/v2\/posts\/436","targetHints":{"allow":["GET"]}}],"collection":[{"href":"https:\/\/sportman.fi\/index.php\/wp-json\/wp\/v2\/posts"}],"about":[{"href":"https:\/\/sportman.fi\/index.php\/wp-json\/wp\/v2\/types\/post"}],"author":[{"embeddable":true,"href":"https:\/\/sportman.fi\/index.php\/wp-json\/wp\/v2\/users\/3"}],"replies":[{"embeddable":true,"href":"https:\/\/sportman.fi\/index.php\/wp-json\/wp\/v2\/comments?post=436"}],"version-history":[{"count":0,"href":"https:\/\/sportman.fi\/index.php\/wp-json\/wp\/v2\/posts\/436\/revisions"}],"wp:attachment":[{"href":"https:\/\/sportman.fi\/index.php\/wp-json\/wp\/v2\/media?parent=436"}],"wp:term":[{"taxonomy":"category","embeddable":true,"href":"https:\/\/sportman.fi\/index.php\/wp-json\/wp\/v2\/categories?post=436"},{"taxonomy":"post_tag","embeddable":true,"href":"https:\/\/sportman.fi\/index.php\/wp-json\/wp\/v2\/tags?post=436"}],"curies":[{"name":"wp","href":"https:\/\/api.w.org\/{rel}","templated":true}]}}