{"id":18461,"date":"2024-05-28T05:08:24","date_gmt":"2024-05-28T05:08:24","guid":{"rendered":"https:\/\/www.sportman.fi\/?p=18461"},"modified":"2024-05-28T05:14:19","modified_gmt":"2024-05-28T05:14:19","slug":"tuli-jo-pahin-mieleen","status":"publish","type":"post","link":"https:\/\/sportman.fi\/index.php\/2024\/05\/28\/tuli-jo-pahin-mieleen\/","title":{"rendered":"Tuli jo pahin mieleen&#8230;"},"content":{"rendered":"\n<p>ExplorersWebin sivulla oli artikkeli, jonka mukaan Denalilta, joka on jenkkien korkein vuori, on l\u00f6ydetty kuollut vuorikiipeilij\u00e4: &#8220;A climber was found dead Monday after falling from the upper reaches of North America\u2019s highest mountain&#8221;.<a href=\"https:\/\/explorersweb.com\/solo-climber-dies-on-treacherous-section-of-denali\/\">https:\/\/explorersweb.com\/solo-climber-dies-on-treacherous-section-of-denali\/<\/a><\/p>\n\n\n\n<p>Seikkailukaverini Greg (Etel\u00e4manner, Kalahari, Gr\u00f6nlanti 2013) nimitt\u00e4in kiipe\u00e4\u00e4 kyseiselle vuorelle ihan n\u00e4in\u00e4 n\u00e4pp\u00e4imill\u00e4. <\/p>\n\n\n\n<p>No, oli pakko l\u00e4hett\u00e4\u00e4 miehelle viesti ja kysell\u00e4 kuulumiset. <\/p>\n\n\n\n<p>Jos s\u00e4\u00e4 sallii, niin vuoren valloitus alkaa mill\u00e4 hetkell\u00e4 hyv\u00e4ns\u00e4.<\/p>\n\n\n\n<p>Sain Partioaitan tj. Markus M\u00e4kiselt\u00e4 mielt\u00e4 ilahduttavan meilin, jossa h\u00e4n kertoi viime viikon juoksukoululaisten olleen tyytyv\u00e4isi\u00e4.<\/p>\n\n\n\n<p>Sanonnan mukaan &#8220;Kissa kiitoksella el\u00e4\u00e4, koira p\u00e4\u00e4n silityksell\u00e4\u201d. <\/p>\n\n\n\n<p>Kuten kissoille ja koirille, niin my\u00f6s meille ihmisille positiivisen palautteen saaminen tekee hyv\u00e4\u00e4 ja tuo hyv\u00e4n mielen.<\/p>\n\n\n\n<figure class=\"wp-block-image size-large\"><img loading=\"lazy\" decoding=\"async\" width=\"1030\" height=\"687\" src=\"https:\/\/www.sportman.fi\/wp-content\/uploads\/2024\/05\/MerrellPA-1030x687.jpg\" alt=\"\" class=\"wp-image-18465\" srcset=\"https:\/\/sportman.fi\/wp-content\/uploads\/2024\/05\/MerrellPA-1030x687.jpg 1030w, https:\/\/sportman.fi\/wp-content\/uploads\/2024\/05\/MerrellPA-300x200.jpg 300w, https:\/\/sportman.fi\/wp-content\/uploads\/2024\/05\/MerrellPA-768x512.jpg 768w, https:\/\/sportman.fi\/wp-content\/uploads\/2024\/05\/MerrellPA-1536x1025.jpg 1536w, https:\/\/sportman.fi\/wp-content\/uploads\/2024\/05\/MerrellPA-1500x1000.jpg 1500w, https:\/\/sportman.fi\/wp-content\/uploads\/2024\/05\/MerrellPA-705x470.jpg 705w, https:\/\/sportman.fi\/wp-content\/uploads\/2024\/05\/MerrellPA.jpg 2048w\" sizes=\"auto, (max-width: 1030px) 100vw, 1030px\" \/><figcaption class=\"wp-element-caption\">Kuva on Partioaitan tilaisuudesta t\u00e4\u00e4ll\u00e4 Nuuksiossa. (Kuvaaja: Krista Ylinen, <a href=\"https:\/\/www.kristaylinen.com\/\">https:\/\/www.kristaylinen.com\/<\/a>). <br><a href=\"https:\/\/www.partioaitta.fi\/\">https:\/\/www.partioaitta.fi\/<\/a><\/figcaption><\/figure>\n\n\n\n<figure class=\"wp-block-image size-large\"><img loading=\"lazy\" decoding=\"async\" width=\"1030\" height=\"579\" src=\"https:\/\/www.sportman.fi\/wp-content\/uploads\/2024\/05\/GregD-1030x579.jpg\" alt=\"\" class=\"wp-image-18495\" srcset=\"https:\/\/sportman.fi\/wp-content\/uploads\/2024\/05\/GregD-1030x579.jpg 1030w, https:\/\/sportman.fi\/wp-content\/uploads\/2024\/05\/GregD-300x169.jpg 300w, https:\/\/sportman.fi\/wp-content\/uploads\/2024\/05\/GregD-768x432.jpg 768w, https:\/\/sportman.fi\/wp-content\/uploads\/2024\/05\/GregD-1536x864.jpg 1536w, https:\/\/sportman.fi\/wp-content\/uploads\/2024\/05\/GregD-1500x844.jpg 1500w, https:\/\/sportman.fi\/wp-content\/uploads\/2024\/05\/GregD-705x397.jpg 705w, https:\/\/sportman.fi\/wp-content\/uploads\/2024\/05\/GregD.jpg 2048w\" sizes=\"auto, (max-width: 1030px) 100vw, 1030px\" \/><figcaption class=\"wp-element-caption\">Greg (oikealla) matkalla kohti Denalia. (Kuva: Sarah Maud, Facebook-sivulta)<\/figcaption><\/figure>\n\n\n\n<p><\/p>\n","protected":false},"excerpt":{"rendered":"<p>ExplorersWebin sivulla oli artikkeli, jonka mukaan Denalilta, joka on jenkkien korkein vuori, on l\u00f6ydetty kuollut vuorikiipeilij\u00e4: &#8220;A climber was found dead Monday after falling from the upper reaches of North America\u2019s highest mountain&#8221;.https:\/\/explorersweb.com\/solo-climber-dies-on-treacherous-section-of-denali\/ Seikkailukaverini Greg (Etel\u00e4manner, Kalahari, Gr\u00f6nlanti 2013) nimitt\u00e4in kiipe\u00e4\u00e4 kyseiselle vuorelle ihan n\u00e4in\u00e4 n\u00e4pp\u00e4imill\u00e4. No, oli pakko l\u00e4hett\u00e4\u00e4 miehelle viesti ja kysell\u00e4 kuulumiset. [&hellip;]<\/p>\n","protected":false},"author":3,"featured_media":0,"comment_status":"closed","ping_status":"closed","sticky":false,"template":"","format":"standard","meta":{"footnotes":""},"categories":[1],"tags":[],"class_list":["post-18461","post","type-post","status-publish","format-standard","hentry","category-uncategorized"],"_links":{"self":[{"href":"https:\/\/sportman.fi\/index.php\/wp-json\/wp\/v2\/posts\/18461","targetHints":{"allow":["GET"]}}],"collection":[{"href":"https:\/\/sportman.fi\/index.php\/wp-json\/wp\/v2\/posts"}],"about":[{"href":"https:\/\/sportman.fi\/index.php\/wp-json\/wp\/v2\/types\/post"}],"author":[{"embeddable":true,"href":"https:\/\/sportman.fi\/index.php\/wp-json\/wp\/v2\/users\/3"}],"replies":[{"embeddable":true,"href":"https:\/\/sportman.fi\/index.php\/wp-json\/wp\/v2\/comments?post=18461"}],"version-history":[{"count":8,"href":"https:\/\/sportman.fi\/index.php\/wp-json\/wp\/v2\/posts\/18461\/revisions"}],"predecessor-version":[{"id":18497,"href":"https:\/\/sportman.fi\/index.php\/wp-json\/wp\/v2\/posts\/18461\/revisions\/18497"}],"wp:attachment":[{"href":"https:\/\/sportman.fi\/index.php\/wp-json\/wp\/v2\/media?parent=18461"}],"wp:term":[{"taxonomy":"category","embeddable":true,"href":"https:\/\/sportman.fi\/index.php\/wp-json\/wp\/v2\/categories?post=18461"},{"taxonomy":"post_tag","embeddable":true,"href":"https:\/\/sportman.fi\/index.php\/wp-json\/wp\/v2\/tags?post=18461"}],"curies":[{"name":"wp","href":"https:\/\/api.w.org\/{rel}","templated":true}]}}