{"id":17794,"date":"2024-02-19T05:53:09","date_gmt":"2024-02-19T05:53:09","guid":{"rendered":"https:\/\/www.sportman.fi\/?p=17794"},"modified":"2024-02-19T05:53:12","modified_gmt":"2024-02-19T05:53:12","slug":"iloisesti-pihalla-21v","status":"publish","type":"post","link":"https:\/\/sportman.fi\/index.php\/2024\/02\/19\/iloisesti-pihalla-21v\/","title":{"rendered":"Iloisesti pihalla 21v."},"content":{"rendered":"\n<p>Kyll\u00e4p\u00e4 aika rient\u00e4\u00e4.<\/p>\n\n\n\n<p>Siit\u00e4 on tasan 21 vuotta, kun hypp\u00e4sin kirjaimellisesti oravanpy\u00f6r\u00e4st\u00e4 veks ja aloin juoksupummiksi.<\/p>\n\n\n\n<p>Orava liittyy tarinaan ihan olennaisesti; olin er\u00e4\u00e4n firman neukkarissa kuuntelemassa jonnin-joutavaa l\u00e4tin\u00e4\u00e4, kunnes huomasin neuvottelutilan ikkunoista oravan, joka hyppeli iloisesti oksalta toiselle.<\/p>\n\n\n\n<p>&#8220;Ollapa orava&#8221; tuumi markkinointip\u00e4\u00e4llikk\u00f6 Viljanen.<\/p>\n\n\n\n<p>No, nyt sit\u00e4 on hypitty maapallon kolkasta toiselle eik\u00e4 loppua n\u00e4y.<\/p>\n\n\n\n<p>Eik\u00f6h\u00e4n t\u00e4ss\u00e4 juhlita viel\u00e4 ainakin 25-vuotis-jalkataiteilijajuhlaa ennen kuin pist\u00e4n keng\u00e4t pussiin.<\/p>\n\n\n\n<p>Miksei viel\u00e4 &#8220;kolmekymppisi\u00e4kin&#8221;?<\/p>\n\n\n\n<p>Kulku tuntuu aika hyv\u00e4lt\u00e4, siis juokseminen.<\/p>\n\n\n\n<p>Talven harjoitteet ovat tuoneet voimaa ns. <strong>takaketjuun<\/strong> eli pakaraan, takareiteen sek\u00e4 pohkeeseen.<\/p>\n\n\n\n<p>Uskon, ett\u00e4 t\u00e4h\u00e4n on tuonut eritt\u00e4in hyv\u00e4n lis\u00e4n lumikengill\u00e4 tehdyt m\u00e4kitreenit.<\/p>\n\n\n\n<p>Juoksin sunnuntaina osan matkaa hiihtoreitill\u00e4 (sori siit\u00e4).<\/p>\n\n\n\n<p>En pist\u00e4nyt (tietenk\u00e4\u00e4n) jalkaani ladulle vaan etenin siin\u00e4 reunamalla, joka oli tamppatunut kivikovaksi.<\/p>\n\n\n\n<p><\/p>\n\n\n\n<p><\/p>\n\n\n\n<p><\/p>\n\n\n\n<p><\/p>\n","protected":false},"excerpt":{"rendered":"<p>Kyll\u00e4p\u00e4 aika rient\u00e4\u00e4. Siit\u00e4 on tasan 21 vuotta, kun hypp\u00e4sin kirjaimellisesti oravanpy\u00f6r\u00e4st\u00e4 veks ja aloin juoksupummiksi. Orava liittyy tarinaan ihan olennaisesti; olin er\u00e4\u00e4n firman neukkarissa kuuntelemassa jonnin-joutavaa l\u00e4tin\u00e4\u00e4, kunnes huomasin neuvottelutilan ikkunoista oravan, joka hyppeli iloisesti oksalta toiselle. &#8220;Ollapa orava&#8221; tuumi markkinointip\u00e4\u00e4llikk\u00f6 Viljanen. No, nyt sit\u00e4 on hypitty maapallon kolkasta toiselle eik\u00e4 loppua n\u00e4y. Eik\u00f6h\u00e4n [&hellip;]<\/p>\n","protected":false},"author":3,"featured_media":0,"comment_status":"closed","ping_status":"closed","sticky":false,"template":"","format":"standard","meta":{"footnotes":""},"categories":[1],"tags":[],"class_list":["post-17794","post","type-post","status-publish","format-standard","hentry","category-uncategorized"],"_links":{"self":[{"href":"https:\/\/sportman.fi\/index.php\/wp-json\/wp\/v2\/posts\/17794","targetHints":{"allow":["GET"]}}],"collection":[{"href":"https:\/\/sportman.fi\/index.php\/wp-json\/wp\/v2\/posts"}],"about":[{"href":"https:\/\/sportman.fi\/index.php\/wp-json\/wp\/v2\/types\/post"}],"author":[{"embeddable":true,"href":"https:\/\/sportman.fi\/index.php\/wp-json\/wp\/v2\/users\/3"}],"replies":[{"embeddable":true,"href":"https:\/\/sportman.fi\/index.php\/wp-json\/wp\/v2\/comments?post=17794"}],"version-history":[{"count":1,"href":"https:\/\/sportman.fi\/index.php\/wp-json\/wp\/v2\/posts\/17794\/revisions"}],"predecessor-version":[{"id":17795,"href":"https:\/\/sportman.fi\/index.php\/wp-json\/wp\/v2\/posts\/17794\/revisions\/17795"}],"wp:attachment":[{"href":"https:\/\/sportman.fi\/index.php\/wp-json\/wp\/v2\/media?parent=17794"}],"wp:term":[{"taxonomy":"category","embeddable":true,"href":"https:\/\/sportman.fi\/index.php\/wp-json\/wp\/v2\/categories?post=17794"},{"taxonomy":"post_tag","embeddable":true,"href":"https:\/\/sportman.fi\/index.php\/wp-json\/wp\/v2\/tags?post=17794"}],"curies":[{"name":"wp","href":"https:\/\/api.w.org\/{rel}","templated":true}]}}