{"id":17343,"date":"2023-12-30T05:59:15","date_gmt":"2023-12-30T05:59:15","guid":{"rendered":"https:\/\/www.sportman.fi\/?p=17343"},"modified":"2023-12-30T05:59:18","modified_gmt":"2023-12-30T05:59:18","slug":"kylman-ilman-kukistaja","status":"publish","type":"post","link":"https:\/\/sportman.fi\/index.php\/2023\/12\/30\/kylman-ilman-kukistaja\/","title":{"rendered":"Kylm\u00e4n ilman kukistaja"},"content":{"rendered":"\n<p>Ennen kuin l\u00e4hdin Pohjoisnavalle (2007), niin treenasin juoksua ja py\u00f6r\u00e4ily\u00e4 Psolar-hengityssuojaimen avulla.<\/p>\n\n\n\n<p>En tied\u00e4 myyd\u00e4\u00e4nk\u00f6 niit\u00e4 viel\u00e4 Suomessa, mutta tuolloin niit\u00e4 oli saatavilla ja maahantuoja Vokant oli my\u00f6s sponsorini!<\/p>\n\n\n\n<figure class=\"wp-block-image size-full\"><img loading=\"lazy\" decoding=\"async\" width=\"978\" height=\"717\" src=\"https:\/\/sportman.fi\/wp-content\/uploads\/2023\/03\/Napa.webp\" alt=\"\" class=\"wp-image-15402\" srcset=\"https:\/\/sportman.fi\/wp-content\/uploads\/2023\/03\/Napa.webp 978w, https:\/\/sportman.fi\/wp-content\/uploads\/2023\/03\/Napa-300x220.webp 300w, https:\/\/sportman.fi\/wp-content\/uploads\/2023\/03\/Napa-768x563.webp 768w, https:\/\/sportman.fi\/wp-content\/uploads\/2023\/03\/Napa-705x517.webp 705w\" sizes=\"auto, (max-width: 978px) 100vw, 978px\" \/><\/figure>\n\n\n\n<p>Yll\u00e4 olevassa kuvassa, joka julkaistiin muistaakseni Ilta-Sanomissa, pid\u00e4n k\u00e4dess\u00e4ni balaclavaan (=kasvonaamio) liitett\u00e4v\u00e4\u00e4 hengityssuojainta,. joka l\u00e4mmitt\u00e4\u00e4 sis\u00e4\u00e4n hengitett\u00e4v\u00e4\u00e4 ilmaa.<\/p>\n\n\n\n<p>Sen varjopuolena on se, ett\u00e4 balaclavaan integroitava suukappale v\u00e4hent\u00e4\u00e4 sis\u00e4\u00e4n hengitett\u00e4v\u00e4n hapen m\u00e4\u00e4r\u00e4\u00e4.<\/p>\n\n\n\n<p>K\u00e4velless\u00e4 sit\u00e4 ei huomaa, mutta juostessa kyll\u00e4.<\/p>\n\n\n\n<p>No, Psolar oli Pohjoisnavalla tarpeen, sill\u00e4 pakkasaste nousi korkeimmillaan yli -30C.<\/p>\n\n\n\n<p>T\u00e4m\u00e4 tuli mieleen, kun ensi viikolle on luvassa kovia pakkasia.<\/p>\n\n\n\n<p>T\u00e4ss\u00e4 toinen kuva perjantailta. Se on Nuuksion Mustakalliolta.<\/p>\n\n\n\n<p>&#8220;Nuuksion Pitk\u00e4j\u00e4rven keskiosan it\u00e4rannalla kohoava\u00a0<strong>Mustakallio<\/strong>\u00a0on hieno kohde, joka kuuluu valtakunnallisesti arvokkaaseen Mustakallion\u2013Sudenrotkon kallioalueeseen. Kallion laki kohoaa yli 60 metri\u00e4 Pitk\u00e4j\u00e4rven veden pintaa korkeammalle. Mustakallion l\u00e4ntinen lakialue on yksi alueen merkitt\u00e4vimmist\u00e4 n\u00e4k\u00f6alapaikoista, josta avautuu jylhi\u00e4 mets\u00e4isi\u00e4 j\u00e4rvimaisemia&#8221;.(L\u00e4hde: Espoo.fi)<\/p>\n\n\n\n<p>Mustakallio alkaa melkein perusleirini takapihalta. Sinne talsii muutamassa minuutissa.<\/p>\n\n\n\n<p>K\u00e4vin perjantaina kiipe\u00e4m\u00e4ss\u00e4 Mustakalliota yl\u00f6s useampaan (6) otteeseen. <\/p>\n\n\n\n<figure class=\"wp-block-image size-large\"><img loading=\"lazy\" decoding=\"async\" width=\"773\" height=\"1030\" src=\"https:\/\/www.sportman.fi\/wp-content\/uploads\/2023\/12\/MK1-773x1030.jpg\" alt=\"\" class=\"wp-image-17348\" srcset=\"https:\/\/sportman.fi\/wp-content\/uploads\/2023\/12\/MK1-773x1030.jpg 773w, https:\/\/sportman.fi\/wp-content\/uploads\/2023\/12\/MK1-225x300.jpg 225w, https:\/\/sportman.fi\/wp-content\/uploads\/2023\/12\/MK1-768x1024.jpg 768w, https:\/\/sportman.fi\/wp-content\/uploads\/2023\/12\/MK1-1152x1536.jpg 1152w, https:\/\/sportman.fi\/wp-content\/uploads\/2023\/12\/MK1-1125x1500.jpg 1125w, https:\/\/sportman.fi\/wp-content\/uploads\/2023\/12\/MK1-529x705.jpg 529w, https:\/\/sportman.fi\/wp-content\/uploads\/2023\/12\/MK1.jpg 1296w\" sizes=\"auto, (max-width: 773px) 100vw, 773px\" \/><\/figure>\n\n\n\n<figure class=\"wp-block-image size-large\"><img loading=\"lazy\" decoding=\"async\" width=\"773\" height=\"1030\" src=\"https:\/\/www.sportman.fi\/wp-content\/uploads\/2023\/12\/MK2-773x1030.jpg\" alt=\"\" class=\"wp-image-17349\" srcset=\"https:\/\/sportman.fi\/wp-content\/uploads\/2023\/12\/MK2-773x1030.jpg 773w, https:\/\/sportman.fi\/wp-content\/uploads\/2023\/12\/MK2-225x300.jpg 225w, https:\/\/sportman.fi\/wp-content\/uploads\/2023\/12\/MK2-768x1024.jpg 768w, https:\/\/sportman.fi\/wp-content\/uploads\/2023\/12\/MK2-1152x1536.jpg 1152w, https:\/\/sportman.fi\/wp-content\/uploads\/2023\/12\/MK2-1125x1500.jpg 1125w, https:\/\/sportman.fi\/wp-content\/uploads\/2023\/12\/MK2-529x705.jpg 529w, https:\/\/sportman.fi\/wp-content\/uploads\/2023\/12\/MK2.jpg 1296w\" sizes=\"auto, (max-width: 773px) 100vw, 773px\" \/><figcaption class=\"wp-element-caption\">Se oli tosi hyv\u00e4 treeni, joka sai jatkoa kuntosalilla.<\/figcaption><\/figure>\n\n\n\n<p><\/p>\n","protected":false},"excerpt":{"rendered":"<p>Ennen kuin l\u00e4hdin Pohjoisnavalle (2007), niin treenasin juoksua ja py\u00f6r\u00e4ily\u00e4 Psolar-hengityssuojaimen avulla. En tied\u00e4 myyd\u00e4\u00e4nk\u00f6 niit\u00e4 viel\u00e4 Suomessa, mutta tuolloin niit\u00e4 oli saatavilla ja maahantuoja Vokant oli my\u00f6s sponsorini! Yll\u00e4 olevassa kuvassa, joka julkaistiin muistaakseni Ilta-Sanomissa, pid\u00e4n k\u00e4dess\u00e4ni balaclavaan (=kasvonaamio) liitett\u00e4v\u00e4\u00e4 hengityssuojainta,. joka l\u00e4mmitt\u00e4\u00e4 sis\u00e4\u00e4n hengitett\u00e4v\u00e4\u00e4 ilmaa. Sen varjopuolena on se, ett\u00e4 balaclavaan integroitava suukappale [&hellip;]<\/p>\n","protected":false},"author":3,"featured_media":0,"comment_status":"closed","ping_status":"closed","sticky":false,"template":"","format":"standard","meta":{"footnotes":""},"categories":[1],"tags":[],"class_list":["post-17343","post","type-post","status-publish","format-standard","hentry","category-uncategorized"],"_links":{"self":[{"href":"https:\/\/sportman.fi\/index.php\/wp-json\/wp\/v2\/posts\/17343","targetHints":{"allow":["GET"]}}],"collection":[{"href":"https:\/\/sportman.fi\/index.php\/wp-json\/wp\/v2\/posts"}],"about":[{"href":"https:\/\/sportman.fi\/index.php\/wp-json\/wp\/v2\/types\/post"}],"author":[{"embeddable":true,"href":"https:\/\/sportman.fi\/index.php\/wp-json\/wp\/v2\/users\/3"}],"replies":[{"embeddable":true,"href":"https:\/\/sportman.fi\/index.php\/wp-json\/wp\/v2\/comments?post=17343"}],"version-history":[{"count":4,"href":"https:\/\/sportman.fi\/index.php\/wp-json\/wp\/v2\/posts\/17343\/revisions"}],"predecessor-version":[{"id":17350,"href":"https:\/\/sportman.fi\/index.php\/wp-json\/wp\/v2\/posts\/17343\/revisions\/17350"}],"wp:attachment":[{"href":"https:\/\/sportman.fi\/index.php\/wp-json\/wp\/v2\/media?parent=17343"}],"wp:term":[{"taxonomy":"category","embeddable":true,"href":"https:\/\/sportman.fi\/index.php\/wp-json\/wp\/v2\/categories?post=17343"},{"taxonomy":"post_tag","embeddable":true,"href":"https:\/\/sportman.fi\/index.php\/wp-json\/wp\/v2\/tags?post=17343"}],"curies":[{"name":"wp","href":"https:\/\/api.w.org\/{rel}","templated":true}]}}