{"id":16228,"date":"2023-07-21T13:32:19","date_gmt":"2023-07-21T13:32:19","guid":{"rendered":"https:\/\/www.sportman.fi\/?p=16228"},"modified":"2023-07-21T13:36:57","modified_gmt":"2023-07-21T13:36:57","slug":"nelja-jaksoa-retkeilya","status":"publish","type":"post","link":"https:\/\/sportman.fi\/index.php\/2023\/07\/21\/nelja-jaksoa-retkeilya\/","title":{"rendered":"Nelj\u00e4 jaksoa retkeily\u00e4"},"content":{"rendered":"\n<p>Yksi kev\u00e4\u00e4n ja alkukes\u00e4n kohokohta oli ehdottomasti &#8220;Rohkeasti retkelle&#8221; -ohjelma, jonka ty\u00f6ryhm\u00e4\u00e4n p\u00e4\u00e4sin mukaan.<\/p>\n\n\n\n<p>Olen t\u00e4st\u00e4 mahdollisuudesta kiitollinen.<\/p>\n\n\n\n<p>Aivan kuten retkikunnissa, niin my\u00f6s ohjelman valmistelussa ja toteutuksessa <strong>tiimin<\/strong> merkitys oli suuri.<\/p>\n\n\n\n<p>Kukin proggiksen suunnittelussa ja toteutuksessa mukana ollut on alansa huippuammattilainen.<\/p>\n\n\n\n<p>Yht\u00e4 lukuun ottamatta ja t\u00e4ll\u00e4 tarkoitan itse\u00e4ni.<\/p>\n\n\n\n<p>Minulle t\u00e4m\u00e4 oli vasta tulikaste, muille tiimil\u00e4isille ei.<\/p>\n\n\n\n<p>Olen saanut katsottavaksi nelj\u00e4 jaksoa, jotka esitet\u00e4\u00e4n alkusyksyn aikana.<\/p>\n\n\n\n<p>Ohjelman ideointiin, k\u00e4sikirjoitukseen, editointiin ja ties mihin osallistunut Jani Mattsson (Janin Paja Oy) on tehnyt taas hemmetin hyv\u00e4\u00e4 duunia.<\/p>\n\n\n\n<p>H\u00e4n on saanut t\u00e4llaisen noviisinkin &#8220;n\u00e4ytt\u00e4m\u00e4\u00e4n hyv\u00e4lt\u00e4&#8221;..enk\u00e4 nyt tarkoita ulkon\u00e4k\u00f6\u00e4 vaan sit\u00e4, ett\u00e4 ohjelman amat\u00f6\u00f6rijuontaja vaikuttaa l\u00e4hes ammattilaiselta.<\/p>\n\n\n\n<p>Tiimiss\u00e4 oli mukana monta hyv\u00e4\u00e4 tyyppi\u00e4. Janin lis\u00e4ksi Ghadi, Jyri, Mirka, Anton, Santtu&#8230;.ja monia muita.<\/p>\n\n\n\n<p>Toivon, ett\u00e4 ohjelma saa jatkoa.<\/p>\n\n\n\n<p>T\u00e4llaisissa &#8220;v\u00e4h\u00e4n erilaisissakin seikkailuissa&#8221; on inspiroivaa olla mukana.<\/p>\n\n\n\n<p><\/p>\n","protected":false},"excerpt":{"rendered":"<p>Yksi kev\u00e4\u00e4n ja alkukes\u00e4n kohokohta oli ehdottomasti &#8220;Rohkeasti retkelle&#8221; -ohjelma, jonka ty\u00f6ryhm\u00e4\u00e4n p\u00e4\u00e4sin mukaan. Olen t\u00e4st\u00e4 mahdollisuudesta kiitollinen. Aivan kuten retkikunnissa, niin my\u00f6s ohjelman valmistelussa ja toteutuksessa tiimin merkitys oli suuri. Kukin proggiksen suunnittelussa ja toteutuksessa mukana ollut on alansa huippuammattilainen. Yht\u00e4 lukuun ottamatta ja t\u00e4ll\u00e4 tarkoitan itse\u00e4ni. Minulle t\u00e4m\u00e4 oli vasta tulikaste, muille tiimil\u00e4isille [&hellip;]<\/p>\n","protected":false},"author":3,"featured_media":0,"comment_status":"closed","ping_status":"closed","sticky":false,"template":"","format":"standard","meta":{"footnotes":""},"categories":[1],"tags":[],"class_list":["post-16228","post","type-post","status-publish","format-standard","hentry","category-uncategorized"],"_links":{"self":[{"href":"https:\/\/sportman.fi\/index.php\/wp-json\/wp\/v2\/posts\/16228","targetHints":{"allow":["GET"]}}],"collection":[{"href":"https:\/\/sportman.fi\/index.php\/wp-json\/wp\/v2\/posts"}],"about":[{"href":"https:\/\/sportman.fi\/index.php\/wp-json\/wp\/v2\/types\/post"}],"author":[{"embeddable":true,"href":"https:\/\/sportman.fi\/index.php\/wp-json\/wp\/v2\/users\/3"}],"replies":[{"embeddable":true,"href":"https:\/\/sportman.fi\/index.php\/wp-json\/wp\/v2\/comments?post=16228"}],"version-history":[{"count":5,"href":"https:\/\/sportman.fi\/index.php\/wp-json\/wp\/v2\/posts\/16228\/revisions"}],"predecessor-version":[{"id":16234,"href":"https:\/\/sportman.fi\/index.php\/wp-json\/wp\/v2\/posts\/16228\/revisions\/16234"}],"wp:attachment":[{"href":"https:\/\/sportman.fi\/index.php\/wp-json\/wp\/v2\/media?parent=16228"}],"wp:term":[{"taxonomy":"category","embeddable":true,"href":"https:\/\/sportman.fi\/index.php\/wp-json\/wp\/v2\/categories?post=16228"},{"taxonomy":"post_tag","embeddable":true,"href":"https:\/\/sportman.fi\/index.php\/wp-json\/wp\/v2\/tags?post=16228"}],"curies":[{"name":"wp","href":"https:\/\/api.w.org\/{rel}","templated":true}]}}