{"id":15273,"date":"2023-03-07T05:02:35","date_gmt":"2023-03-07T05:02:35","guid":{"rendered":"https:\/\/www.sportman.fi\/?p=15273"},"modified":"2023-03-07T05:02:37","modified_gmt":"2023-03-07T05:02:37","slug":"lisavuosia-jaossa","status":"publish","type":"post","link":"https:\/\/sportman.fi\/index.php\/2023\/03\/07\/lisavuosia-jaossa\/","title":{"rendered":"Lis\u00e4vuosia jaossa?"},"content":{"rendered":"\n<p>Lis\u00e4elinvuosia on jaossa kertoo HS Kuukausiliite <a href=\"https:\/\/www.hs.fi\/kuukausiliite\/art-2000009408850.html\">https:\/\/www.hs.fi\/kuukausiliite\/art-2000009408850.html<\/a><\/p>\n\n\n\n<p>N\u00e4in voi hyvin olla.<\/p>\n\n\n\n<p>Tai sitten ei.<\/p>\n\n\n\n<p>Luin viime viikolla Maailman Terveysj\u00e4rjest\u00f6n ennusteen, jonka mukaan vuonna 2035 <strong>jo<\/strong> <strong>puolet kaikista maapallon asukkaista on ylipainoisia.<\/strong><\/p>\n\n\n\n<p>Jenkeist\u00e4 tuli joulukuussa uutinen, joka kertoi <strong>elinaikaodotteen laskeneen<\/strong> per\u00e4ti 2,5 vuodella<a href=\"https:\/\/www.hs.fi\/ulkomaat\/art-2000009286844.html\">https:\/\/www.hs.fi\/ulkomaat\/art-2000009286844.html<\/a><\/p>\n\n\n\n<p>En olisi ainakaan viel\u00e4 valmis ly\u00f6m\u00e4\u00e4n vetoa sen puolesta, ett\u00e4 elinaikaodote jatkaisi nousuaan.<\/p>\n\n\n\n<p>Olen kirjoittanut useaan kertaan Blue Zone-alueilla asuvista ihmisist\u00e4, jotka el\u00e4v\u00e4t pidemp\u00e4\u00e4n kuin muut. T\u00e4ss\u00e4 hieman kertausta edellisist\u00e4 blogikirjoituksista.<\/p>\n\n\n\n<p>Blue Zone-alueisiin kuuluvat Japanin okinawalaiset, Italian sardinialaiset, Costa Rican nicoyalaiset, Kreikan ikar\u00edalaiset sek\u00e4 Loma Lindan seits\u00e4m\u00e4nnen p\u00e4iv\u00e4n adventistit Kaliforniassa.<\/p>\n\n\n\n<p>N\u00e4ille alueille tyypillist\u00e4 on se, ett\u00e4 siell\u00e4 asuvat <strong>el\u00e4v\u00e4t todella vanhoiksi<\/strong> ja\/mutta he my\u00f6s&nbsp;<strong>nauttivat&nbsp;<\/strong>el\u00e4m\u00e4st\u00e4\u00e4n.<\/p>\n\n\n\n<p>Blue Zone-termin loi marraskuussa 2005 Dan Buettner, joka k\u00e4ytti ensimm\u00e4ist\u00e4 kertaa em.termi\u00e4 National Geographyn kansijutussa. T\u00e4m\u00e4 termi viittaa siis v\u00e4est\u00f6ryhmiin, joiden ihmiset el\u00e4v\u00e4t tilastollisesti pisimp\u00e4\u00e4n ja terveimpin\u00e4.<\/p>\n\n\n\n<p>N\u00e4ytt\u00e4\u00e4 silt\u00e4, ett\u00e4 sill\u00e4, millaisessa ymp\u00e4rist\u00f6ss\u00e4 ihminen el\u00e4\u00e4 on suuri merkitys Sopivassa luonnonymp\u00e4rist\u00f6ss\u00e4 ja suotuisten sosiaalisten suhteiden ymp\u00e4r\u00f6im\u00e4n\u00e4 ihminen kukoistaa ja el\u00e4\u00e4 paljon pitk\u00e4ik\u00e4isemm\u00e4ksi kuin olosuhteissa, jotka eiv\u00e4t ole ihmislajille yht\u00e4 suotuisia.<\/p>\n\n\n\n<p>Esimerkiksi sardinialaisten keskuudessa onkin huomattu, ett\u00e4 <strong>asuinpaikan<\/strong>&nbsp;<strong>korkeuserot&nbsp;<\/strong>ovat siell\u00e4 yksi pitk\u00e4ik\u00e4isyytt\u00e4 selitt\u00e4v\u00e4 tekij\u00e4. Vaihtelevassa maastossa el\u00e4vill\u00e4 saattaa olla suurempi mahdollisuus el\u00e4\u00e4 satavuotiaiksi kuin tasaisessa maastossa el\u00e4vill\u00e4.<\/p>\n\n\n\n<p>Blue Zones -alueet <strong>eiv\u00e4t ole<\/strong> kovin <strong>kaupungistuneita<\/strong> vaan pitk\u00e4ik\u00e4iset ihmiset <strong>el\u00e4v\u00e4t usein hyvin l\u00e4hell\u00e4 luontoa.<\/strong><\/p>\n\n\n\n<p>N\u00e4ille Blue Zone-alueille on l\u00f6ydetty yhdeks\u00e4n (9) yhteist\u00e4 nimitt\u00e4j\u00e4\u00e4. Niit\u00e4 ovat mm\u2026<\/p>\n\n\n\n<p>Liikunta, merkityksellinen el\u00e4m\u00e4, alhainen stressitaso (ja tulehdusarvot) sek\u00e4 80% s\u00e4\u00e4nt\u00f6 (\u00e4l\u00e4 sy\u00f6 itse\u00e4si \u00e4hkyyn), Muut l\u00f6ytyv\u00e4t oheisen linkin takaa.<a href=\"https:\/\/www.bluezones.com\/2016\/11\/power-9\/\">https:\/\/www.bluezones.com\/2016\/11\/power-9\/<\/a><\/p>\n\n\n\n<p>Perusleirini sijaitsee Nuuksiossa. Luonto on l\u00e4hell\u00e4 ja kiitos j\u00e4\u00e4kauden, korkeuserot ovat poikkeuksellisen suuret. Alueella asuukin useita eritt\u00e4in vireit\u00e4 noin kasikymppisi\u00e4 miehi\u00e4 ja naisia.<\/p>\n\n\n\n<p><\/p>\n\n\n\n<figure class=\"wp-block-embed is-type-wp-embed is-provider-blue-zones wp-block-embed-blue-zones\"><div class=\"wp-block-embed__wrapper\">\n<div class='avia-iframe-wrap'><blockquote class=\"wp-embedded-content\" data-secret=\"kUPV3N9GIi\"><a href=\"https:\/\/www.bluezones.com\/2016\/11\/power-9\/\">Power 9\u00ae<\/a><\/blockquote><iframe loading=\"lazy\" class=\"wp-embedded-content\" sandbox=\"allow-scripts\" security=\"restricted\" style=\"position: absolute; clip: rect(1px, 1px, 1px, 1px);\" title=\"&#8220;Power 9&lt;sup&gt;\u00ae&lt;\/sup&gt;&#8221; &#8212; Blue Zones\" src=\"https:\/\/www.bluezones.com\/2016\/11\/power-9\/embed\/#?secret=0teuJhRofQ#?secret=kUPV3N9GIi\" data-secret=\"kUPV3N9GIi\" width=\"600\" height=\"338\" frameborder=\"0\" marginwidth=\"0\" marginheight=\"0\" scrolling=\"no\"><\/iframe><\/div>\n<\/div><\/figure>\n\n\n\n<figure class=\"wp-block-embed is-type-wp-embed is-provider-blue-zones wp-block-embed-blue-zones\"><div class=\"wp-block-embed__wrapper\">\n<div class='avia-iframe-wrap'><blockquote class=\"wp-embedded-content\" data-secret=\"kUPV3N9GIi\"><a href=\"https:\/\/www.bluezones.com\/2016\/11\/power-9\/\">Power 9\u00ae<\/a><\/blockquote><iframe loading=\"lazy\" class=\"wp-embedded-content\" sandbox=\"allow-scripts\" security=\"restricted\" style=\"position: absolute; clip: rect(1px, 1px, 1px, 1px);\" title=\"&#8220;Power 9&lt;sup&gt;\u00ae&lt;\/sup&gt;&#8221; &#8212; Blue Zones\" src=\"https:\/\/www.bluezones.com\/2016\/11\/power-9\/embed\/#?secret=0teuJhRofQ#?secret=kUPV3N9GIi\" data-secret=\"kUPV3N9GIi\" width=\"600\" height=\"338\" frameborder=\"0\" marginwidth=\"0\" marginheight=\"0\" scrolling=\"no\"><\/iframe><\/div>\n<\/div><\/figure>\n","protected":false},"excerpt":{"rendered":"<p>Lis\u00e4elinvuosia on jaossa kertoo HS Kuukausiliite https:\/\/www.hs.fi\/kuukausiliite\/art-2000009408850.html N\u00e4in voi hyvin olla. Tai sitten ei. Luin viime viikolla Maailman Terveysj\u00e4rjest\u00f6n ennusteen, jonka mukaan vuonna 2035 jo puolet kaikista maapallon asukkaista on ylipainoisia. Jenkeist\u00e4 tuli joulukuussa uutinen, joka kertoi elinaikaodotteen laskeneen per\u00e4ti 2,5 vuodellahttps:\/\/www.hs.fi\/ulkomaat\/art-2000009286844.html En olisi ainakaan viel\u00e4 valmis ly\u00f6m\u00e4\u00e4n vetoa sen puolesta, ett\u00e4 elinaikaodote jatkaisi nousuaan. [&hellip;]<\/p>\n","protected":false},"author":3,"featured_media":0,"comment_status":"closed","ping_status":"closed","sticky":false,"template":"","format":"standard","meta":{"footnotes":""},"categories":[1],"tags":[],"class_list":["post-15273","post","type-post","status-publish","format-standard","hentry","category-uncategorized"],"_links":{"self":[{"href":"https:\/\/sportman.fi\/index.php\/wp-json\/wp\/v2\/posts\/15273","targetHints":{"allow":["GET"]}}],"collection":[{"href":"https:\/\/sportman.fi\/index.php\/wp-json\/wp\/v2\/posts"}],"about":[{"href":"https:\/\/sportman.fi\/index.php\/wp-json\/wp\/v2\/types\/post"}],"author":[{"embeddable":true,"href":"https:\/\/sportman.fi\/index.php\/wp-json\/wp\/v2\/users\/3"}],"replies":[{"embeddable":true,"href":"https:\/\/sportman.fi\/index.php\/wp-json\/wp\/v2\/comments?post=15273"}],"version-history":[{"count":10,"href":"https:\/\/sportman.fi\/index.php\/wp-json\/wp\/v2\/posts\/15273\/revisions"}],"predecessor-version":[{"id":15293,"href":"https:\/\/sportman.fi\/index.php\/wp-json\/wp\/v2\/posts\/15273\/revisions\/15293"}],"wp:attachment":[{"href":"https:\/\/sportman.fi\/index.php\/wp-json\/wp\/v2\/media?parent=15273"}],"wp:term":[{"taxonomy":"category","embeddable":true,"href":"https:\/\/sportman.fi\/index.php\/wp-json\/wp\/v2\/categories?post=15273"},{"taxonomy":"post_tag","embeddable":true,"href":"https:\/\/sportman.fi\/index.php\/wp-json\/wp\/v2\/tags?post=15273"}],"curies":[{"name":"wp","href":"https:\/\/api.w.org\/{rel}","templated":true}]}}