{"id":15136,"date":"2023-02-13T05:25:57","date_gmt":"2023-02-13T05:25:57","guid":{"rendered":"https:\/\/www.sportman.fi\/?p=15136"},"modified":"2023-02-13T05:25:59","modified_gmt":"2023-02-13T05:25:59","slug":"projektin-paatos","status":"publish","type":"post","link":"https:\/\/sportman.fi\/index.php\/2023\/02\/13\/projektin-paatos\/","title":{"rendered":"Projektin p\u00e4\u00e4t\u00f6s"},"content":{"rendered":"\n<p>Jotkut asiat ottavat aikansa.<\/p>\n\n\n\n<p>Hyv\u00e4n\u00e4 esimerkkin\u00e4 k\u00e4y podcast-sarja, jonka oli m\u00e4\u00e4r\u00e4 toteutua jo kev\u00e4\u00e4ll\u00e4 2020, mutta kiitos koronan, projekti siirtyi muutamalla vuodella eteenp\u00e4in.<\/p>\n\n\n\n<p>No, t\u00e4n\u00e4\u00e4n on podcastin viimeinen nauhoitusp\u00e4iv\u00e4. <\/p>\n\n\n\n<p>Spiikkaamme toimittaja Anna Sievisen kanssa kaksi podcastia putkeen. Molemmat jaksot ovat noin puolen tunnin mittaisia.<\/p>\n\n\n\n<p>Podcast-studio sijaitsee Sanomatalossa samoissa toimitiloissa, miss\u00e4 mediakonsernin radiokanavatkin ovat. Meille on t\u00e4n\u00e4\u00e4n varattu studio numero 6.<\/p>\n\n\n\n<p>Joissain podcasteissa kiroillaan ihan helvetisti. Meille ei asetettu sen suhteen mit\u00e4\u00e4n rajoja. <\/p>\n\n\n\n<p>Olen t\u00e4h\u00e4n menness\u00e4 v\u00e4ltellyt voimasanojen k\u00e4ytt\u00f6\u00e4. Yksi vee-sana tuli suusta, kun studion tuoli alkoi temppuilemaan, mutta f-word oli sensuroitu lopullisesta versiosta pois. <\/p>\n\n\n\n<p>Saas n\u00e4hd\u00e4 tuleeko podcasteille jatkoa? <\/p>\n\n\n\n<p>Er\u00e4st\u00e4 audiovisuaalista ideaa olen pallotellut frendini Jani Mattssonin kanssa, mutta ans kattoo, miten sen kanssa k\u00e4y.<\/p>\n\n\n\n<p><\/p>\n\n\n\n<p><\/p>\n\n\n\n<p><\/p>\n\n\n\n<p><\/p>\n","protected":false},"excerpt":{"rendered":"<p>Jotkut asiat ottavat aikansa. Hyv\u00e4n\u00e4 esimerkkin\u00e4 k\u00e4y podcast-sarja, jonka oli m\u00e4\u00e4r\u00e4 toteutua jo kev\u00e4\u00e4ll\u00e4 2020, mutta kiitos koronan, projekti siirtyi muutamalla vuodella eteenp\u00e4in. No, t\u00e4n\u00e4\u00e4n on podcastin viimeinen nauhoitusp\u00e4iv\u00e4. Spiikkaamme toimittaja Anna Sievisen kanssa kaksi podcastia putkeen. Molemmat jaksot ovat noin puolen tunnin mittaisia. Podcast-studio sijaitsee Sanomatalossa samoissa toimitiloissa, miss\u00e4 mediakonsernin radiokanavatkin ovat. Meille on [&hellip;]<\/p>\n","protected":false},"author":3,"featured_media":0,"comment_status":"closed","ping_status":"closed","sticky":false,"template":"","format":"standard","meta":{"footnotes":""},"categories":[1],"tags":[],"class_list":["post-15136","post","type-post","status-publish","format-standard","hentry","category-uncategorized"],"_links":{"self":[{"href":"https:\/\/sportman.fi\/index.php\/wp-json\/wp\/v2\/posts\/15136","targetHints":{"allow":["GET"]}}],"collection":[{"href":"https:\/\/sportman.fi\/index.php\/wp-json\/wp\/v2\/posts"}],"about":[{"href":"https:\/\/sportman.fi\/index.php\/wp-json\/wp\/v2\/types\/post"}],"author":[{"embeddable":true,"href":"https:\/\/sportman.fi\/index.php\/wp-json\/wp\/v2\/users\/3"}],"replies":[{"embeddable":true,"href":"https:\/\/sportman.fi\/index.php\/wp-json\/wp\/v2\/comments?post=15136"}],"version-history":[{"count":3,"href":"https:\/\/sportman.fi\/index.php\/wp-json\/wp\/v2\/posts\/15136\/revisions"}],"predecessor-version":[{"id":15143,"href":"https:\/\/sportman.fi\/index.php\/wp-json\/wp\/v2\/posts\/15136\/revisions\/15143"}],"wp:attachment":[{"href":"https:\/\/sportman.fi\/index.php\/wp-json\/wp\/v2\/media?parent=15136"}],"wp:term":[{"taxonomy":"category","embeddable":true,"href":"https:\/\/sportman.fi\/index.php\/wp-json\/wp\/v2\/categories?post=15136"},{"taxonomy":"post_tag","embeddable":true,"href":"https:\/\/sportman.fi\/index.php\/wp-json\/wp\/v2\/tags?post=15136"}],"curies":[{"name":"wp","href":"https:\/\/api.w.org\/{rel}","templated":true}]}}