{"id":11616,"date":"2020-12-16T05:37:01","date_gmt":"2020-12-16T05:37:01","guid":{"rendered":"http:\/\/www.sportman.fi\/?p=11616"},"modified":"2020-12-16T06:04:43","modified_gmt":"2020-12-16T06:04:43","slug":"messut-2","status":"publish","type":"post","link":"https:\/\/sportman.fi\/index.php\/2020\/12\/16\/messut-2\/","title":{"rendered":"Messut"},"content":{"rendered":"\n<p>Joulumessuista en tied\u00e4, mutta perinteinen GoExpo on meiliin napsahtaneen tiedon peruttu maaliskuulta 2021 ja siirretty suosiolla vuoteen 2022.<\/p>\n\n\n\n<p>Puhe-ja koulutuskeikkojankin voisi kutsua yhden sorttiseksi messuamisiksi ja niiden m\u00e4\u00e4r\u00e4 on pudonnut allekirjoittaneen osalta vaatimattomat 100%.<\/p>\n\n\n\n<p>Uskon, ett\u00e4 t\u00e4lt\u00e4 osin tilanne paranee vuoden 2021 aikana.<\/p>\n\n\n\n<p>T\u00f6it\u00e4 on kuitenkin tiedossa. Olen aloittanut yhteisty\u00f6n Outdoor Median kanssa. Firma, jonka omistaa Veikka Gustafsson, kustantaa mm.Retki-lehte\u00e4. <\/p>\n\n\n\n<p>Ollaan samoilta seuduilta kotisin ja jokunen lenkkikin kimpassa juostu.Olin Veikan isosiskon kanssa samalla luokalla kansakoulussa ja jos menn\u00e4\u00e4n ajanlaskussa viel\u00e4 kohti keskiaikaa, niin VG:n faija opetti minun is\u00e4\u00e4ni Helsingin Kauppakorkeakoulussa.<\/p>\n\n\n\n<p>T\u00e4ss\u00e4 on yksi Veikan monista projekteista, Kallb\u00e5danin majakka, jossa minullakin on ollut ilo muutaman kerran k\u00e4yd\u00e4.My\u00f6s asiakkaille messuamassa. <a href=\"https:\/\/yle.fi\/uutiset\/3-11697649\">https:\/\/yle.fi\/uutiset\/3-11697649<\/a><\/p>\n\n\n\n<p>Veikka mainitsee oheisessa jutussa, kuinka paljon aikaa ja muita resursseja majakan yll\u00e4pit\u00e4minen on h\u00e4nelt\u00e4 vaatinut. Voin sanoa, ett\u00e4 ihan helvetin paljon&#8230;.<\/p>\n\n\n\n<p><\/p>\n\n\n\n<p><\/p>\n\n\n\n<p><\/p>\n\n\n\n<p><\/p>\n\n\n\n<p><\/p>\n\n\n\n<p><\/p>\n\n\n\n<p><\/p>\n","protected":false},"excerpt":{"rendered":"<p>Joulumessuista en tied\u00e4, mutta perinteinen GoExpo on meiliin napsahtaneen tiedon peruttu maaliskuulta 2021 ja siirretty suosiolla vuoteen 2022. Puhe-ja koulutuskeikkojankin voisi kutsua yhden sorttiseksi messuamisiksi ja niiden m\u00e4\u00e4r\u00e4 on pudonnut allekirjoittaneen osalta vaatimattomat 100%. Uskon, ett\u00e4 t\u00e4lt\u00e4 osin tilanne paranee vuoden 2021 aikana. T\u00f6it\u00e4 on kuitenkin tiedossa. Olen aloittanut yhteisty\u00f6n Outdoor Median kanssa. Firma, jonka [&hellip;]<\/p>\n","protected":false},"author":3,"featured_media":0,"comment_status":"closed","ping_status":"closed","sticky":false,"template":"","format":"standard","meta":{"footnotes":""},"categories":[2],"tags":[],"class_list":["post-11616","post","type-post","status-publish","format-standard","hentry","category-uncategorized-fi"],"_links":{"self":[{"href":"https:\/\/sportman.fi\/index.php\/wp-json\/wp\/v2\/posts\/11616","targetHints":{"allow":["GET"]}}],"collection":[{"href":"https:\/\/sportman.fi\/index.php\/wp-json\/wp\/v2\/posts"}],"about":[{"href":"https:\/\/sportman.fi\/index.php\/wp-json\/wp\/v2\/types\/post"}],"author":[{"embeddable":true,"href":"https:\/\/sportman.fi\/index.php\/wp-json\/wp\/v2\/users\/3"}],"replies":[{"embeddable":true,"href":"https:\/\/sportman.fi\/index.php\/wp-json\/wp\/v2\/comments?post=11616"}],"version-history":[{"count":3,"href":"https:\/\/sportman.fi\/index.php\/wp-json\/wp\/v2\/posts\/11616\/revisions"}],"predecessor-version":[{"id":11619,"href":"https:\/\/sportman.fi\/index.php\/wp-json\/wp\/v2\/posts\/11616\/revisions\/11619"}],"wp:attachment":[{"href":"https:\/\/sportman.fi\/index.php\/wp-json\/wp\/v2\/media?parent=11616"}],"wp:term":[{"taxonomy":"category","embeddable":true,"href":"https:\/\/sportman.fi\/index.php\/wp-json\/wp\/v2\/categories?post=11616"},{"taxonomy":"post_tag","embeddable":true,"href":"https:\/\/sportman.fi\/index.php\/wp-json\/wp\/v2\/tags?post=11616"}],"curies":[{"name":"wp","href":"https:\/\/api.w.org\/{rel}","templated":true}]}}