{"id":10530,"date":"2020-03-23T07:09:41","date_gmt":"2020-03-23T07:09:41","guid":{"rendered":"http:\/\/www.sportman.fi\/?p=10530"},"modified":"2020-03-23T07:09:47","modified_gmt":"2020-03-23T07:09:47","slug":"maailman-metsapaiva","status":"publish","type":"post","link":"https:\/\/sportman.fi\/index.php\/2020\/03\/23\/maailman-metsapaiva\/","title":{"rendered":"Maailman mets\u00e4p\u00e4iv\u00e4"},"content":{"rendered":"\n<p>&#8220;Vuonna 2013 ensimm\u00e4ist\u00e4 kertaa vietetyn Maailman mets\u00e4p\u00e4iv\u00e4n aikana on hyv\u00e4 muistaa metsien merkitys osana el\u00e4m\u00e4\u00e4mme. <\/p>\n\n\n\n<p>Ne tarjoavat meille ruokaa, energiaa, toimeentuloa ja ovat samalla my\u00f6s erityisesti suomalaisille erottamaton osa mielenlaatuamme. Mets\u00e4ss\u00e4 koemme olevamme usein rauhassa ja yhteydess\u00e4 luontoomme. <\/p>\n\n\n\n<p>Samalla mets\u00e4t tuottavat my\u00f6s hiljaista mutta elint\u00e4rke\u00e4\u00e4 hy\u00f6ty\u00e4 elinymp\u00e4rist\u00f6\u00f6mme suojelemalla maaper\u00e4\u00e4 ja puhdistamalla ilmastoamme&#8221;. (L\u00e4hde:YK)<\/p>\n\n\n\n<p>Mets\u00e4p\u00e4iv\u00e4\u00e4 vietettiin 21.3. eli viime lauantaina. <\/p>\n\n\n\n<p>Mielest\u00e4ni metsi\u00e4 kannattaa suojella joka p\u00e4iv\u00e4.<\/p>\n\n\n\n<p>Pihapiiriss\u00e4mme on &#8220;minimetsikk\u00f6&#8221;, jossa on kuusia, koivuja, m\u00e4ntyj\u00e4 sek\u00e4 jokunen vaahtera.  Vaahterat ovat pieness\u00e4 vaarassa, mutta muut puut saavat ilahduttaa meit\u00e4 ja pikkumets\u00e4n asukkeja tulevinakin vuosina.<\/p>\n\n\n\n<p>Aion juosta t\u00e4n\u00e4\u00e4n lyhyen noin tunnin lenkin.<\/p>\n\n\n\n<p><\/p>\n\n\n\n<p><\/p>\n","protected":false},"excerpt":{"rendered":"<p>&#8220;Vuonna 2013 ensimm\u00e4ist\u00e4 kertaa vietetyn Maailman mets\u00e4p\u00e4iv\u00e4n aikana on hyv\u00e4 muistaa metsien merkitys osana el\u00e4m\u00e4\u00e4mme. Ne tarjoavat meille ruokaa, energiaa, toimeentuloa ja ovat samalla my\u00f6s erityisesti suomalaisille erottamaton osa mielenlaatuamme. Mets\u00e4ss\u00e4 koemme olevamme usein rauhassa ja yhteydess\u00e4 luontoomme. Samalla mets\u00e4t tuottavat my\u00f6s hiljaista mutta elint\u00e4rke\u00e4\u00e4 hy\u00f6ty\u00e4 elinymp\u00e4rist\u00f6\u00f6mme suojelemalla maaper\u00e4\u00e4 ja puhdistamalla ilmastoamme&#8221;. (L\u00e4hde:YK) Mets\u00e4p\u00e4iv\u00e4\u00e4 vietettiin [&hellip;]<\/p>\n","protected":false},"author":3,"featured_media":0,"comment_status":"closed","ping_status":"closed","sticky":false,"template":"","format":"standard","meta":{"footnotes":""},"categories":[2],"tags":[],"class_list":["post-10530","post","type-post","status-publish","format-standard","hentry","category-uncategorized-fi"],"_links":{"self":[{"href":"https:\/\/sportman.fi\/index.php\/wp-json\/wp\/v2\/posts\/10530","targetHints":{"allow":["GET"]}}],"collection":[{"href":"https:\/\/sportman.fi\/index.php\/wp-json\/wp\/v2\/posts"}],"about":[{"href":"https:\/\/sportman.fi\/index.php\/wp-json\/wp\/v2\/types\/post"}],"author":[{"embeddable":true,"href":"https:\/\/sportman.fi\/index.php\/wp-json\/wp\/v2\/users\/3"}],"replies":[{"embeddable":true,"href":"https:\/\/sportman.fi\/index.php\/wp-json\/wp\/v2\/comments?post=10530"}],"version-history":[{"count":4,"href":"https:\/\/sportman.fi\/index.php\/wp-json\/wp\/v2\/posts\/10530\/revisions"}],"predecessor-version":[{"id":10534,"href":"https:\/\/sportman.fi\/index.php\/wp-json\/wp\/v2\/posts\/10530\/revisions\/10534"}],"wp:attachment":[{"href":"https:\/\/sportman.fi\/index.php\/wp-json\/wp\/v2\/media?parent=10530"}],"wp:term":[{"taxonomy":"category","embeddable":true,"href":"https:\/\/sportman.fi\/index.php\/wp-json\/wp\/v2\/categories?post=10530"},{"taxonomy":"post_tag","embeddable":true,"href":"https:\/\/sportman.fi\/index.php\/wp-json\/wp\/v2\/tags?post=10530"}],"curies":[{"name":"wp","href":"https:\/\/api.w.org\/{rel}","templated":true}]}}